{"id":30093,"date":"2025-09-09T11:10:17","date_gmt":"2025-09-09T09:10:17","guid":{"rendered":"https:\/\/sonical.co\/non-classifiee\/augmentation-du-prix-des-licences-microsoft-dynamics-365-business-central\/"},"modified":"2025-09-10T14:32:27","modified_gmt":"2025-09-10T12:32:27","slug":"augmentation-du-prix-des-licences-microsoft-dynamics-365-business-central","status":"publish","type":"post","link":"https:\/\/sonical.co\/fr\/uncategorized-fr-2\/augmentation-du-prix-des-licences-microsoft-dynamics-365-business-central\/","title":{"rendered":"Augmentation du prix des licences Microsoft Dynamics 365 Business Central"},"content":{"rendered":"\t\t<div data-elementor-type=\"wp-post\" data-elementor-id=\"30093\" class=\"elementor elementor-30093 elementor-30030\" data-elementor-post-type=\"post\">\n\t\t\t\t\t\t<section class=\"elementor-section elementor-top-section elementor-element elementor-element-2d14887 elementor-section-boxed elementor-section-height-default elementor-section-height-default\" data-id=\"2d14887\" data-element_type=\"section\" data-e-type=\"section\">\n\t\t\t\t\t\t<div class=\"elementor-container elementor-column-gap-default\">\n\t\t\t\t\t<div class=\"elementor-column elementor-col-100 elementor-top-column elementor-element elementor-element-39dbf48\" data-id=\"39dbf48\" data-element_type=\"column\" data-e-type=\"column\">\n\t\t\t<div class=\"elementor-widget-wrap elementor-element-populated\">\n\t\t\t\t\t\t<div class=\"elementor-element elementor-element-4bddaa6 elementor-widget elementor-widget-text-editor\" data-id=\"4bddaa6\" data-element_type=\"widget\" data-e-type=\"widget\" data-widget_type=\"text-editor.default\">\n\t\t\t\t<div class=\"elementor-widget-container\">\n\t\t\t\t\t\t\t\t\tMicrosoft a annonc\u00e9 un changement de prix pour les licences Dynamics 365 Business Central \u00e0 compter du <span style=\"color: #e61a5d;\">1er novembre 2025<\/span>, ce qui constitue le premier ajustement de prix depuis 5 ans. Ce changement s&rsquo;appliquera non seulement aux nouveaux clients, mais <span style=\"color: #e61a5d;\">aussi aux abonnements existants renouvel\u00e9s \u00e0 partir de cette date.<\/span> \t\t\t\t\t\t\t\t<\/div>\n\t\t\t\t<\/div>\n\t\t\t\t\t<\/div>\n\t\t<\/div>\n\t\t\t\t\t<\/div>\n\t\t<\/section>\n\t\t<div class=\"elementor-element elementor-element-075b897 e-flex e-con-boxed e-con e-parent\" data-id=\"075b897\" data-element_type=\"container\" data-e-type=\"container\" data-settings=\"{&quot;background_background&quot;:&quot;classic&quot;}\">\n\t\t\t\t\t<div class=\"e-con-inner\">\n\t\t\t\t<div class=\"elementor-element elementor-element-6017e8e elementor-widget elementor-widget-table-of-contents\" data-id=\"6017e8e\" data-element_type=\"widget\" data-e-type=\"widget\" data-settings=\"{&quot;exclude_headings_by_selector&quot;:[],&quot;headings_by_tags&quot;:[&quot;h2&quot;],&quot;no_headings_message&quot;:&quot;Er zijn geen kopteksten gevonden op deze pagina.&quot;,&quot;marker_view&quot;:&quot;numbers&quot;,&quot;hierarchical_view&quot;:&quot;yes&quot;,&quot;min_height&quot;:{&quot;unit&quot;:&quot;px&quot;,&quot;size&quot;:&quot;&quot;,&quot;sizes&quot;:[]},&quot;min_height_tablet&quot;:{&quot;unit&quot;:&quot;px&quot;,&quot;size&quot;:&quot;&quot;,&quot;sizes&quot;:[]},&quot;min_height_mobile&quot;:{&quot;unit&quot;:&quot;px&quot;,&quot;size&quot;:&quot;&quot;,&quot;sizes&quot;:[]}}\" data-widget_type=\"table-of-contents.default\">\n\t\t\t\t<div class=\"elementor-widget-container\">\n\t\t\t\t\t\t\t\t\t<div class=\"elementor-toc__header\">\n\t\t\t\t\t\t<h4 class=\"elementor-toc__header-title\">\n\t\t\t\tContenu\t\t\t<\/h4>\n\t\t\t\t\t\t\t\t<\/div>\n\t\t\t\t<div id=\"elementor-toc__6017e8e\" class=\"elementor-toc__body\">\n\t\t\t<div class=\"elementor-toc__spinner-container\">\n\t\t\t\t<svg class=\"elementor-toc__spinner eicon-animation-spin e-font-icon-svg e-eicon-loading\" aria-hidden=\"true\" viewBox=\"0 0 1000 1000\" xmlns=\"http:\/\/www.w3.org\/2000\/svg\"><path d=\"M500 975V858C696 858 858 696 858 500S696 142 500 142 142 304 142 500H25C25 237 238 25 500 25S975 237 975 500 763 975 500 975Z\"><\/path><\/svg>\t\t\t<\/div>\n\t\t<\/div>\n\t\t\t\t\t\t<\/div>\n\t\t\t\t<\/div>\n\t\t\t\t\t<\/div>\n\t\t\t\t<\/div>\n\t\t<div class=\"elementor-element elementor-element-188596d e-flex e-con-boxed e-con e-parent\" data-id=\"188596d\" data-element_type=\"container\" data-e-type=\"container\">\n\t\t\t\t\t<div class=\"e-con-inner\">\n\t\t<div class=\"elementor-element elementor-element-932948c e-con-full e-flex e-con e-child\" data-id=\"932948c\" data-element_type=\"container\" data-e-type=\"container\">\n\t\t\t\t<div class=\"elementor-element elementor-element-7db9757 elementor-widget elementor-widget-heading\" data-id=\"7db9757\" data-element_type=\"widget\" data-e-type=\"widget\" data-widget_type=\"heading.default\">\n\t\t\t\t<div class=\"elementor-widget-container\">\n\t\t\t\t\t<h2 class=\"elementor-heading-title elementor-size-default\">Qu'est-ce qui change exactement ?<\/h2>\t\t\t\t<\/div>\n\t\t\t\t<\/div>\n\t\t\t\t<div class=\"elementor-element elementor-element-94593c1 elementor-widget elementor-widget-text-editor\" data-id=\"94593c1\" data-element_type=\"widget\" data-e-type=\"widget\" data-widget_type=\"text-editor.default\">\n\t\t\t\t<div class=\"elementor-widget-container\">\n\t\t\t\t\t\t\t\t\t<p>Les licences deviendront 10 % plus ch\u00e8res par utilisateur en moyenne :<\/p>\t\t\t\t\t\t\t\t<\/div>\n\t\t\t\t<\/div>\n\t\t<div class=\"elementor-element elementor-element-7722bfd e-con-full e-flex e-con e-child\" data-id=\"7722bfd\" data-element_type=\"container\" data-e-type=\"container\">\n\t\t\t\t<div class=\"elementor-element elementor-element-a779aa6 elementor-hidden-mobile elementor-widget elementor-widget-html\" data-id=\"a779aa6\" data-element_type=\"widget\" data-e-type=\"widget\" data-widget_type=\"html.default\">\n\t\t\t\t<div class=\"elementor-widget-container\">\n\t\t\t\t\t\n                    <table class=\"w-full text-sm text-left text-gray-500\">\n                        <thead class=\"text-xs text-gray-700 uppercase bg-gray-50\">\n                            <tr>\n                                <th scope=\"col\" class=\"px-6 py-3 text-base font-semibold\">\n                                    Licence\n                                <\/th>\n                                <th scope=\"col\" class=\"px-6 py-3 text-base font-semibold\">\n                                    Prix Actuel\n                                <\/th>\n                                <th scope=\"col\" class=\"px-6 py-3 text-base font-semibold\">\n                                    Nouveau Prix au 01\/11\/2025\n                                <\/th>\n                            <\/tr>\n                        <\/thead>\n                        <tbody>\n                            <tr class=\"bg-white border-b hover:bg-gray-50\">\n                                <td class=\"px-6 py-4 font-medium text-gray-900 whitespace-nowrap text-base\">\n                                    Essentials\n                                <\/td>\n                                <td class=\"px-6 py-4 text-base\">\n                                    $70 par utilisateur\/mois\n                                <\/td>\n                                <td class=\"px-6 py-4 text-base font-semibold text-indigo-600\">\n                                    $80 par utilisateur\/mois\n                                <\/td>\n                            <\/tr>\n                            <tr class=\"bg-white border-b hover:bg-gray-50\">\n                                <td class=\"px-6 py-4 font-medium text-gray-900 whitespace-nowrap text-base\">\n                                    Premium\n                                <\/td>\n                                <td class=\"px-6 py-4 text-base\">\n                                    $100 par utilisateur\/mois\n                                <\/td>\n                                <td class=\"px-6 py-4 text-base font-semibold text-indigo-600\">\n                                    $110 par utilisateur\/mois\n                                <\/td>\n                            <\/tr>\n                            <tr class=\"bg-white hover:bg-gray-50\">\n                                <td class=\"px-6 py-4 font-medium text-gray-900 whitespace-nowrap text-base\">\n                                    Device\n                                <\/td>\n                                <td class=\"px-6 py-4 text-base\">\n                                    $40 par appareil\/mois\n                                <\/td>\n                                <td class=\"px-6 py-4 text-base font-semibold text-indigo-600\">\n                                    $45 par appareil\/mois\n                                <\/td>\n                            <\/tr>\n                        <\/tbody>\n                    <\/table>\n\t\t\t\t<\/div>\n\t\t\t\t<\/div>\n\t\t\t\t<div class=\"elementor-element elementor-element-748000c elementor-hidden-desktop elementor-hidden-tablet elementor-widget elementor-widget-image\" data-id=\"748000c\" data-element_type=\"widget\" data-e-type=\"widget\" data-widget_type=\"image.default\">\n\t\t\t\t<div class=\"elementor-widget-container\">\n\t\t\t\t\t\t\t\t\t\t\t\t\t\t\t<img fetchpriority=\"high\" decoding=\"async\" width=\"798\" height=\"698\" src=\"https:\/\/i0.wp.com\/sonical.co\/wp-content\/uploads\/2025\/09\/prix-change-2025.png?fit=798%2C698&amp;quality=80&amp;ssl=1\" class=\"attachment-large size-large wp-image-30108\" alt=\"\" srcset=\"https:\/\/i0.wp.com\/sonical.co\/wp-content\/uploads\/2025\/09\/prix-change-2025.png?w=798&amp;quality=80&amp;ssl=1 798w, https:\/\/i0.wp.com\/sonical.co\/wp-content\/uploads\/2025\/09\/prix-change-2025.png?resize=450%2C394&amp;quality=80&amp;ssl=1 450w, https:\/\/i0.wp.com\/sonical.co\/wp-content\/uploads\/2025\/09\/prix-change-2025.png?resize=768%2C672&amp;quality=80&amp;ssl=1 768w\" sizes=\"(max-width: 798px) 100vw, 798px\" \/>\t\t\t\t\t\t\t\t\t\t\t\t\t\t\t<\/div>\n\t\t\t\t<\/div>\n\t\t\t\t<div class=\"elementor-element elementor-element-e3a3939 elementor-widget elementor-widget-text-editor\" data-id=\"e3a3939\" data-element_type=\"widget\" data-e-type=\"widget\" data-widget_type=\"text-editor.default\">\n\t\t\t\t<div class=\"elementor-widget-container\">\n\t\t\t\t\t\t\t\t\t<p><em>Il n&rsquo;y a pas de changement de prix pour les licences Team Members.<\/em><\/p>\t\t\t\t\t\t\t\t<\/div>\n\t\t\t\t<\/div>\n\t\t\t\t<\/div>\n\t\t\t\t<div class=\"elementor-element elementor-element-f0bf4bf elementor-button-info elementor-widget elementor-widget-button\" data-id=\"f0bf4bf\" data-element_type=\"widget\" data-e-type=\"widget\" data-widget_type=\"button.default\">\n\t\t\t\t<div class=\"elementor-widget-container\">\n\t\t\t\t\t\t\t\t\t<div class=\"elementor-button-wrapper\">\n\t\t\t\t\t<a class=\"elementor-button elementor-button-link elementor-size-sm\" href=\"https:\/\/learn.microsoft.com\/en-us\/partner-center\/announcements\/2025-september?utm_source=Unknown+List&#038;utm_campaign=e9b8b0cd9f-EMAIL_CAMPAIGN_2025_09_09_12_18&#038;utm_medium=email&#038;utm_term=0_-e9b8b0cd9f-#date-change-dynamics-365-business-central-pricing-update\">\n\t\t\t\t\t\t<span class=\"elementor-button-content-wrapper\">\n\t\t\t\t\t\t\t\t\t<span class=\"elementor-button-text\"> L'annonce officielle de Microsoft<\/span>\n\t\t\t\t\t<\/span>\n\t\t\t\t\t<\/a>\n\t\t\t\t<\/div>\n\t\t\t\t\t\t\t\t<\/div>\n\t\t\t\t<\/div>\n\t\t\t\t<\/div>\n\t\t\t\t\t<\/div>\n\t\t\t\t<\/div>\n\t\t<div class=\"elementor-element elementor-element-adfa11e e-flex e-con-boxed e-con e-parent\" data-id=\"adfa11e\" data-element_type=\"container\" data-e-type=\"container\" data-settings=\"{&quot;background_background&quot;:&quot;classic&quot;}\">\n\t\t\t\t\t<div class=\"e-con-inner\">\n\t\t<div class=\"elementor-element elementor-element-fbe023d e-con-full e-flex e-con e-child\" data-id=\"fbe023d\" data-element_type=\"container\" data-e-type=\"container\">\n\t\t\t\t<div class=\"elementor-element elementor-element-5537d58 elementor-widget elementor-widget-heading\" data-id=\"5537d58\" data-element_type=\"widget\" data-e-type=\"widget\" data-widget_type=\"heading.default\">\n\t\t\t\t<div class=\"elementor-widget-container\">\n\t\t\t\t\t<h2 class=\"elementor-heading-title elementor-size-default\">Pourquoi Microsoft augmente-t-il ses prix ?<\/h2>\t\t\t\t<\/div>\n\t\t\t\t<\/div>\n\t\t\t\t<div class=\"elementor-element elementor-element-7793244 elementor-widget elementor-widget-text-editor\" data-id=\"7793244\" data-element_type=\"widget\" data-e-type=\"widget\" data-widget_type=\"text-editor.default\">\n\t\t\t\t<div class=\"elementor-widget-container\">\n\t\t\t\t\t\t\t\t\t<p>Les licences deviendront 10 % plus ch\u00e8res par utilisateur en moyenne :<\/p>\t\t\t\t\t\t\t\t<\/div>\n\t\t\t\t<\/div>\n\t\t<div class=\"elementor-element elementor-element-9ed6a82 e-grid e-con-full e-con e-child\" data-id=\"9ed6a82\" data-element_type=\"container\" data-e-type=\"container\">\n\t\t\t\t<div class=\"elementor-element elementor-element-12b177d elementor-widget elementor-widget-text-editor\" data-id=\"12b177d\" data-element_type=\"widget\" data-e-type=\"widget\" data-widget_type=\"text-editor.default\">\n\t\t\t\t<div class=\"elementor-widget-container\">\n\t\t\t\t\t\t\t\t\t<span style=\"color: #e61a5d;\"><strong>Int\u00e9gration de Copilot<\/strong><\/span><\/br>\nPrise en charge de l&rsquo;IA dans Business Central\t\t\t\t\t\t\t\t<\/div>\n\t\t\t\t<\/div>\n\t\t\t\t<div class=\"elementor-element elementor-element-44823d7 elementor-widget elementor-widget-text-editor\" data-id=\"44823d7\" data-element_type=\"widget\" data-e-type=\"widget\" data-widget_type=\"text-editor.default\">\n\t\t\t\t<div class=\"elementor-widget-container\">\n\t\t\t\t\t\t\t\t\t<p><span style=\"color: #e61a5d;\"><strong>Analyse pilot\u00e9e par l&rsquo;IA<\/strong><\/span><br>Comme des informations financi\u00e8res en temps r\u00e9el et des rapprochements automatiques<\/p>\t\t\t\t\t\t\t\t<\/div>\n\t\t\t\t<\/div>\n\t\t\t\t<div class=\"elementor-element elementor-element-63dd7ac elementor-widget elementor-widget-text-editor\" data-id=\"63dd7ac\" data-element_type=\"widget\" data-e-type=\"widget\" data-widget_type=\"text-editor.default\">\n\t\t\t\t<div class=\"elementor-widget-container\">\n\t\t\t\t\t\t\t\t\t<strong><span style=\"color: #e61a5d;\">Capacit\u00e9s analytiques renforc\u00e9es<\/span><\/strong>\nFinance, production, cha\u00eene d&rsquo;approvisionnement\t\t\t\t\t\t\t\t<\/div>\n\t\t\t\t<\/div>\n\t\t\t\t<\/div>\n\t\t<div class=\"elementor-element elementor-element-0cbfe76 e-grid e-con-full e-con e-child\" data-id=\"0cbfe76\" data-element_type=\"container\" data-e-type=\"container\">\n\t\t\t\t<div class=\"elementor-element elementor-element-c32a094 elementor-widget elementor-widget-text-editor\" data-id=\"c32a094\" data-element_type=\"widget\" data-e-type=\"widget\" data-widget_type=\"text-editor.default\">\n\t\t\t\t<div class=\"elementor-widget-container\">\n\t\t\t\t\t\t\t\t\t<p><span style=\"color: #e61a5d;\"><strong>Collaboration transparente avec Microsoft Power Platform<\/strong><\/span><br>Vous pouvez relier Business Central plus facilement avec des outils tels que Power BI (rapports), Power Automate (automatisation des processus) et Power Apps (applications personnalis\u00e9es). Cela rend votre syst\u00e8me plus flexible et plus puissant, sans personnalisation suppl\u00e9mentaire. <\/p>\t\t\t\t\t\t\t\t<\/div>\n\t\t\t\t<\/div>\n\t\t\t\t<div class=\"elementor-element elementor-element-20d5c01 elementor-widget elementor-widget-text-editor\" data-id=\"20d5c01\" data-element_type=\"widget\" data-e-type=\"widget\" data-widget_type=\"text-editor.default\">\n\t\t\t\t<div class=\"elementor-widget-container\">\n\t\t\t\t\t\t\t\t\t<p><span style=\"color: #e61a5d;\"><strong>Stockage suppl\u00e9mentaire par utilisateur<\/strong><\/span><\/p><p><span style=\"color: #e61a5d;\">Essentiels :<\/span> de 2 Go \u2192 3 Go<\/p><p><span style=\"color: #e61a5d;\">Premium :<\/span> de 3 GB \u2192 5 GB<\/p><p><span style=\"color: #e61a5d;\">Appareil :<\/span> de 1 Go \u2192 1,5 Go<\/p>\t\t\t\t\t\t\t\t<\/div>\n\t\t\t\t<\/div>\n\t\t\t\t<div class=\"elementor-element elementor-element-a1cd648 elementor-widget elementor-widget-text-editor\" data-id=\"a1cd648\" data-element_type=\"widget\" data-e-type=\"widget\" data-widget_type=\"text-editor.default\">\n\t\t\t\t<div class=\"elementor-widget-container\">\n\t\t\t\t\t\t\t\t\t<p><span style=\"color: #e61a5d;\"><strong>Nouvelles fonctionnalit\u00e9s :<\/strong><\/span><br \/>Module de durabilit\u00e9, master data-management et soutien \u00e9tendu \u00e0 la localisation<\/p>\t\t\t\t\t\t\t\t<\/div>\n\t\t\t\t<\/div>\n\t\t\t\t<\/div>\n\t\t\t\t<\/div>\n\t\t\t\t\t<\/div>\n\t\t\t\t<\/div>\n\t\t<div class=\"elementor-element elementor-element-959dff0 e-flex e-con-boxed e-con e-parent\" data-id=\"959dff0\" data-element_type=\"container\" data-e-type=\"container\">\n\t\t\t\t\t<div class=\"e-con-inner\">\n\t\t<div class=\"elementor-element elementor-element-2201d20 e-con-full e-flex e-con e-child\" data-id=\"2201d20\" data-element_type=\"container\" data-e-type=\"container\">\n\t\t\t\t<div class=\"elementor-element elementor-element-8160906 elementor-widget elementor-widget-heading\" data-id=\"8160906\" data-element_type=\"widget\" data-e-type=\"widget\" data-widget_type=\"heading.default\">\n\t\t\t\t<div class=\"elementor-widget-container\">\n\t\t\t\t\t<h2 class=\"elementor-heading-title elementor-size-default\">Qu'est-ce que cela signifie pour vous ?<\/h2>\t\t\t\t<\/div>\n\t\t\t\t<\/div>\n\t\t\t\t<div class=\"elementor-element elementor-element-8fcace5 elementor-widget elementor-widget-text-editor\" data-id=\"8fcace5\" data-element_type=\"widget\" data-e-type=\"widget\" data-widget_type=\"text-editor.default\">\n\t\t\t\t<div class=\"elementor-widget-container\">\n\t\t\t\t\t\t\t\t\t<p>Si vos licences sont renouvel\u00e9es <span style=\"color: #e61a5d;\">apr\u00e8s le 1er novembre 2025<\/span>, elles seront automatiquement soumises \u00e0 la <span style=\"color: #e61a5d;\">nouvelle structure tarifaire<\/span>.<\/p><p>Il est donc judicieux de <span style=\"color: #e61a5d;\">revoir d\u00e8s \u00e0 pr\u00e9sent votre strat\u00e9gie en mati\u00e8re de licences<\/span>. Dans de nombreux cas, il peut \u00eatre int\u00e9ressant de prendre des mesures avant la date d&rsquo;entr\u00e9e en vigueur et de renouveler vos licences pour une p\u00e9riode d&rsquo;un an ou de trois ans. <\/p>\t\t\t\t\t\t\t\t<\/div>\n\t\t\t\t<\/div>\n\t\t\t\t<\/div>\n\t\t\t\t\t<\/div>\n\t\t\t\t<\/div>\n\t\t<div class=\"elementor-element elementor-element-6fff1d0 e-flex e-con-boxed e-con e-parent\" data-id=\"6fff1d0\" data-element_type=\"container\" data-e-type=\"container\" data-settings=\"{&quot;background_background&quot;:&quot;classic&quot;}\">\n\t\t\t\t\t<div class=\"e-con-inner\">\n\t\t<div class=\"elementor-element elementor-element-881331a e-con-full e-flex e-con e-child\" data-id=\"881331a\" data-element_type=\"container\" data-e-type=\"container\">\n\t\t\t\t<div class=\"elementor-element elementor-element-56f83b6 elementor-widget elementor-widget-heading\" data-id=\"56f83b6\" data-element_type=\"widget\" data-e-type=\"widget\" data-widget_type=\"heading.default\">\n\t\t\t\t<div class=\"elementor-widget-container\">\n\t\t\t\t\t<h2 class=\"elementor-heading-title elementor-size-default\">Comment pouvons-nous vous aider ?<\/h2>\t\t\t\t<\/div>\n\t\t\t\t<\/div>\n\t\t\t\t<div class=\"elementor-element elementor-element-9c1b5e8 elementor-widget elementor-widget-text-editor\" data-id=\"9c1b5e8\" data-element_type=\"widget\" data-e-type=\"widget\" data-widget_type=\"text-editor.default\">\n\t\t\t\t<div class=\"elementor-widget-container\">\n\t\t\t\t\t\t\t\t\t<p>Nous sommes heureux de faire le point avec vous :<\/p><ul><li>Quelles sont les licences que vous utilisez actuellement ?<\/li><li>Comment ajuster ou renouveler intelligemment vos contrats actuels pour \u00e9viter les nouveaux prix (pour l&rsquo;instant) ?<\/li><\/ul>\t\t\t\t\t\t\t\t<\/div>\n\t\t\t\t<\/div>\n\t\t\t\t<div class=\"elementor-element elementor-element-52f4034 elementor-button-info elementor-widget elementor-widget-button\" data-id=\"52f4034\" data-element_type=\"widget\" data-e-type=\"widget\" data-widget_type=\"button.default\">\n\t\t\t\t<div class=\"elementor-widget-container\">\n\t\t\t\t\t\t\t\t\t<div class=\"elementor-button-wrapper\">\n\t\t\t\t\t<a class=\"elementor-button elementor-button-link elementor-size-sm\" href=\"https:\/\/outlook.office.com\/book\/OlivierLicenties@sonical.co\/?ismsaljsauthenabled&#038;utm_source=Unknown+List&#038;utm_campaign=e9b8b0cd9f-EMAIL_CAMPAIGN_2025_09_09_12_18&#038;utm_medium=email&#038;utm_term=0_-e9b8b0cd9f-\">\n\t\t\t\t\t\t<span class=\"elementor-button-content-wrapper\">\n\t\t\t\t\t\t\t\t\t<span class=\"elementor-button-text\">  Prenez rendez-vous maintenant<\/span>\n\t\t\t\t\t<\/span>\n\t\t\t\t\t<\/a>\n\t\t\t\t<\/div>\n\t\t\t\t\t\t\t\t<\/div>\n\t\t\t\t<\/div>\n\t\t<div class=\"elementor-element elementor-element-f7e8ebb e-flex e-con-boxed e-con e-child\" data-id=\"f7e8ebb\" data-element_type=\"container\" data-e-type=\"container\">\n\t\t\t\t\t<div class=\"e-con-inner\">\n\t\t\t\t<div class=\"elementor-element elementor-element-cfa5ea1 elementor-widget elementor-widget-text-editor\" data-id=\"cfa5ea1\" data-element_type=\"widget\" data-e-type=\"widget\" data-widget_type=\"text-editor.default\">\n\t\t\t\t<div class=\"elementor-widget-container\">\n\t\t\t\t\t\t\t\t\t<p>\ud83d\udcc5<\/p>\t\t\t\t\t\t\t\t<\/div>\n\t\t\t\t<\/div>\n\t\t\t\t<div class=\"elementor-element elementor-element-84e6040 elementor-widget elementor-widget-text-editor\" data-id=\"84e6040\" data-element_type=\"widget\" data-e-type=\"widget\" data-widget_type=\"text-editor.default\">\n\t\t\t\t<div class=\"elementor-widget-container\">\n\t\t\t\t\t\t\t\t\t<p>Prenez rendez-vous avec notre \u00e9quipe et d\u00e9couvrez comment vous pr\u00e9parer au mieux \u00e0 ce changement.<\/p><p>Nous aimons penser de mani\u00e8re proactive &#8211; afin que vous soyez pr\u00e9par\u00e9 de mani\u00e8re optimale \u00e0 ce changement.<\/p>\t\t\t\t\t\t\t\t<\/div>\n\t\t\t\t<\/div>\n\t\t\t\t\t<\/div>\n\t\t\t\t<\/div>\n\t\t\t\t<\/div>\n\t\t\t\t\t<\/div>\n\t\t\t\t<\/div>\n\t\t\t\t<\/div>\n\t\t","protected":false},"excerpt":{"rendered":"<p>Microsoft a annonc\u00e9 un changement de prix pour les licences Dynamics 365 Business Central \u00e0 partir du 1er novembre 2025, ce qui constitue le premier ajustement de prix en cinq ans.<\/p>\n","protected":false},"author":25,"featured_media":30033,"comment_status":"closed","ping_status":"closed","sticky":false,"template":"","format":"standard","meta":{"_acf_changed":false,"_jetpack_memberships_contains_paid_content":false,"footnotes":""},"categories":[1235],"tags":[],"sector":[],"class_list":["post-30093","post","type-post","status-publish","format-standard","has-post-thumbnail","hentry","category-uncategorized-fr-2"],"acf":[],"yoast_head":"<!-- This site is optimized with the Yoast SEO Premium plugin v26.5 (Yoast SEO v27.4) - https:\/\/yoast.com\/product\/yoast-seo-premium-wordpress\/ -->\n<title>Augmentation du prix des licences Microsoft Dynamics 365 Business Central - Sonical<\/title>\n<meta name=\"robots\" content=\"index, follow, max-snippet:-1, max-image-preview:large, max-video-preview:-1\" \/>\n<link rel=\"canonical\" href=\"https:\/\/sonical.co\/fr\/uncategorized-fr-2\/augmentation-du-prix-des-licences-microsoft-dynamics-365-business-central\/\" \/>\n<meta property=\"og:locale\" content=\"fr_FR\" \/>\n<meta property=\"og:type\" content=\"article\" \/>\n<meta property=\"og:title\" content=\"Augmentation du prix des licences Microsoft Dynamics 365 Business Central\" \/>\n<meta property=\"og:description\" content=\"Microsoft a annonc\u00e9 un changement de prix pour les licences Dynamics 365 Business Central \u00e0 partir du 1er novembre 2025, ce qui constitue le premier ajustement de prix en cinq ans.\" \/>\n<meta property=\"og:url\" content=\"https:\/\/sonical.co\/fr\/uncategorized-fr-2\/augmentation-du-prix-des-licences-microsoft-dynamics-365-business-central\/\" \/>\n<meta property=\"og:site_name\" content=\"Sonical\" \/>\n<meta property=\"article:published_time\" content=\"2025-09-09T09:10:17+00:00\" \/>\n<meta property=\"article:modified_time\" content=\"2025-09-10T12:32:27+00:00\" \/>\n<meta property=\"og:image\" content=\"https:\/\/i0.wp.com\/sonical.co\/wp-content\/uploads\/2025\/09\/MS_Dynamics_365_Business_Central.png?fit=1372%2C718&quality=80&ssl=1\" \/>\n\t<meta property=\"og:image:width\" content=\"1372\" \/>\n\t<meta property=\"og:image:height\" content=\"718\" \/>\n\t<meta property=\"og:image:type\" content=\"image\/png\" \/>\n<meta name=\"author\" content=\"flo\" \/>\n<meta name=\"twitter:card\" content=\"summary_large_image\" \/>\n<meta name=\"twitter:label1\" content=\"\u00c9crit par\" \/>\n\t<meta name=\"twitter:data1\" content=\"flo\" \/>\n\t<meta name=\"twitter:label2\" content=\"Dur\u00e9e de lecture estim\u00e9e\" \/>\n\t<meta name=\"twitter:data2\" content=\"3 minutes\" \/>\n<script type=\"application\/ld+json\" class=\"yoast-schema-graph\">{\"@context\":\"https:\\\/\\\/schema.org\",\"@graph\":[{\"@type\":\"Article\",\"@id\":\"https:\\\/\\\/sonical.co\\\/fr\\\/uncategorized-fr-2\\\/augmentation-du-prix-des-licences-microsoft-dynamics-365-business-central\\\/#article\",\"isPartOf\":{\"@id\":\"https:\\\/\\\/sonical.co\\\/fr\\\/uncategorized-fr-2\\\/augmentation-du-prix-des-licences-microsoft-dynamics-365-business-central\\\/\"},\"author\":{\"name\":\"flo\",\"@id\":\"https:\\\/\\\/sonical.co\\\/#\\\/schema\\\/person\\\/97cc9dabcc3e9c22a0a6974f318adfef\"},\"headline\":\"Augmentation du prix des licences Microsoft Dynamics 365 Business Central\",\"datePublished\":\"2025-09-09T09:10:17+00:00\",\"dateModified\":\"2025-09-10T12:32:27+00:00\",\"mainEntityOfPage\":{\"@id\":\"https:\\\/\\\/sonical.co\\\/fr\\\/uncategorized-fr-2\\\/augmentation-du-prix-des-licences-microsoft-dynamics-365-business-central\\\/\"},\"wordCount\":409,\"publisher\":{\"@id\":\"https:\\\/\\\/sonical.co\\\/#organization\"},\"image\":{\"@id\":\"https:\\\/\\\/sonical.co\\\/fr\\\/uncategorized-fr-2\\\/augmentation-du-prix-des-licences-microsoft-dynamics-365-business-central\\\/#primaryimage\"},\"thumbnailUrl\":\"https:\\\/\\\/i0.wp.com\\\/sonical.co\\\/wp-content\\\/uploads\\\/2025\\\/09\\\/MS_Dynamics_365_Business_Central.png?fit=1372%2C718&quality=80&ssl=1\",\"articleSection\":[\"Microsoft Dynamics Business Central\"],\"inLanguage\":\"fr-FR\"},{\"@type\":\"WebPage\",\"@id\":\"https:\\\/\\\/sonical.co\\\/fr\\\/uncategorized-fr-2\\\/augmentation-du-prix-des-licences-microsoft-dynamics-365-business-central\\\/\",\"url\":\"https:\\\/\\\/sonical.co\\\/fr\\\/uncategorized-fr-2\\\/augmentation-du-prix-des-licences-microsoft-dynamics-365-business-central\\\/\",\"name\":\"Augmentation du prix des licences Microsoft Dynamics 365 Business Central - Sonical\",\"isPartOf\":{\"@id\":\"https:\\\/\\\/sonical.co\\\/#website\"},\"primaryImageOfPage\":{\"@id\":\"https:\\\/\\\/sonical.co\\\/fr\\\/uncategorized-fr-2\\\/augmentation-du-prix-des-licences-microsoft-dynamics-365-business-central\\\/#primaryimage\"},\"image\":{\"@id\":\"https:\\\/\\\/sonical.co\\\/fr\\\/uncategorized-fr-2\\\/augmentation-du-prix-des-licences-microsoft-dynamics-365-business-central\\\/#primaryimage\"},\"thumbnailUrl\":\"https:\\\/\\\/i0.wp.com\\\/sonical.co\\\/wp-content\\\/uploads\\\/2025\\\/09\\\/MS_Dynamics_365_Business_Central.png?fit=1372%2C718&quality=80&ssl=1\",\"datePublished\":\"2025-09-09T09:10:17+00:00\",\"dateModified\":\"2025-09-10T12:32:27+00:00\",\"breadcrumb\":{\"@id\":\"https:\\\/\\\/sonical.co\\\/fr\\\/uncategorized-fr-2\\\/augmentation-du-prix-des-licences-microsoft-dynamics-365-business-central\\\/#breadcrumb\"},\"inLanguage\":\"fr-FR\",\"potentialAction\":[{\"@type\":\"ReadAction\",\"target\":[\"https:\\\/\\\/sonical.co\\\/fr\\\/uncategorized-fr-2\\\/augmentation-du-prix-des-licences-microsoft-dynamics-365-business-central\\\/\"]}]},{\"@type\":\"ImageObject\",\"inLanguage\":\"fr-FR\",\"@id\":\"https:\\\/\\\/sonical.co\\\/fr\\\/uncategorized-fr-2\\\/augmentation-du-prix-des-licences-microsoft-dynamics-365-business-central\\\/#primaryimage\",\"url\":\"https:\\\/\\\/i0.wp.com\\\/sonical.co\\\/wp-content\\\/uploads\\\/2025\\\/09\\\/MS_Dynamics_365_Business_Central.png?fit=1372%2C718&quality=80&ssl=1\",\"contentUrl\":\"https:\\\/\\\/i0.wp.com\\\/sonical.co\\\/wp-content\\\/uploads\\\/2025\\\/09\\\/MS_Dynamics_365_Business_Central.png?fit=1372%2C718&quality=80&ssl=1\",\"width\":1372,\"height\":718},{\"@type\":\"BreadcrumbList\",\"@id\":\"https:\\\/\\\/sonical.co\\\/fr\\\/uncategorized-fr-2\\\/augmentation-du-prix-des-licences-microsoft-dynamics-365-business-central\\\/#breadcrumb\",\"itemListElement\":[{\"@type\":\"ListItem\",\"position\":1,\"name\":\"Home\",\"item\":\"https:\\\/\\\/sonical.co\\\/fr\\\/\"},{\"@type\":\"ListItem\",\"position\":2,\"name\":\"Augmentation du prix des licences Microsoft Dynamics 365 Business Central\"}]},{\"@type\":\"WebSite\",\"@id\":\"https:\\\/\\\/sonical.co\\\/#website\",\"url\":\"https:\\\/\\\/sonical.co\\\/\",\"name\":\"Sonical\",\"description\":\"Digital Experts United\",\"publisher\":{\"@id\":\"https:\\\/\\\/sonical.co\\\/#organization\"},\"potentialAction\":[{\"@type\":\"SearchAction\",\"target\":{\"@type\":\"EntryPoint\",\"urlTemplate\":\"https:\\\/\\\/sonical.co\\\/?s={search_term_string}\"},\"query-input\":{\"@type\":\"PropertyValueSpecification\",\"valueRequired\":true,\"valueName\":\"search_term_string\"}}],\"inLanguage\":\"fr-FR\"},{\"@type\":\"Organization\",\"@id\":\"https:\\\/\\\/sonical.co\\\/#organization\",\"name\":\"Sonical\",\"url\":\"https:\\\/\\\/sonical.co\\\/\",\"logo\":{\"@type\":\"ImageObject\",\"inLanguage\":\"fr-FR\",\"@id\":\"https:\\\/\\\/sonical.co\\\/#\\\/schema\\\/logo\\\/image\\\/\",\"url\":\"https:\\\/\\\/i0.wp.com\\\/sonical.co\\\/wp-content\\\/uploads\\\/2021\\\/11\\\/sonical-logo-png-MAIN-COMPACT-RGB-162x39-1.png?fit=162%2C39&quality=80&ssl=1\",\"contentUrl\":\"https:\\\/\\\/i0.wp.com\\\/sonical.co\\\/wp-content\\\/uploads\\\/2021\\\/11\\\/sonical-logo-png-MAIN-COMPACT-RGB-162x39-1.png?fit=162%2C39&quality=80&ssl=1\",\"width\":162,\"height\":39,\"caption\":\"Sonical\"},\"image\":{\"@id\":\"https:\\\/\\\/sonical.co\\\/#\\\/schema\\\/logo\\\/image\\\/\"}},{\"@type\":\"Person\",\"@id\":\"https:\\\/\\\/sonical.co\\\/#\\\/schema\\\/person\\\/97cc9dabcc3e9c22a0a6974f318adfef\",\"name\":\"flo\",\"url\":\"https:\\\/\\\/sonical.co\\\/fr\\\/author\\\/flo\\\/\"}]}<\/script>\n<!-- \/ Yoast SEO Premium plugin. -->","yoast_head_json":{"title":"Augmentation du prix des licences Microsoft Dynamics 365 Business Central - Sonical","robots":{"index":"index","follow":"follow","max-snippet":"max-snippet:-1","max-image-preview":"max-image-preview:large","max-video-preview":"max-video-preview:-1"},"canonical":"https:\/\/sonical.co\/fr\/uncategorized-fr-2\/augmentation-du-prix-des-licences-microsoft-dynamics-365-business-central\/","og_locale":"fr_FR","og_type":"article","og_title":"Augmentation du prix des licences Microsoft Dynamics 365 Business Central","og_description":"Microsoft a annonc\u00e9 un changement de prix pour les licences Dynamics 365 Business Central \u00e0 partir du 1er novembre 2025, ce qui constitue le premier ajustement de prix en cinq ans.","og_url":"https:\/\/sonical.co\/fr\/uncategorized-fr-2\/augmentation-du-prix-des-licences-microsoft-dynamics-365-business-central\/","og_site_name":"Sonical","article_published_time":"2025-09-09T09:10:17+00:00","article_modified_time":"2025-09-10T12:32:27+00:00","og_image":[{"width":1372,"height":718,"url":"https:\/\/i0.wp.com\/sonical.co\/wp-content\/uploads\/2025\/09\/MS_Dynamics_365_Business_Central.png?fit=1372%2C718&quality=80&ssl=1","type":"image\/png"}],"author":"flo","twitter_card":"summary_large_image","twitter_misc":{"\u00c9crit par":"flo","Dur\u00e9e de lecture estim\u00e9e":"3 minutes"},"schema":{"@context":"https:\/\/schema.org","@graph":[{"@type":"Article","@id":"https:\/\/sonical.co\/fr\/uncategorized-fr-2\/augmentation-du-prix-des-licences-microsoft-dynamics-365-business-central\/#article","isPartOf":{"@id":"https:\/\/sonical.co\/fr\/uncategorized-fr-2\/augmentation-du-prix-des-licences-microsoft-dynamics-365-business-central\/"},"author":{"name":"flo","@id":"https:\/\/sonical.co\/#\/schema\/person\/97cc9dabcc3e9c22a0a6974f318adfef"},"headline":"Augmentation du prix des licences Microsoft Dynamics 365 Business Central","datePublished":"2025-09-09T09:10:17+00:00","dateModified":"2025-09-10T12:32:27+00:00","mainEntityOfPage":{"@id":"https:\/\/sonical.co\/fr\/uncategorized-fr-2\/augmentation-du-prix-des-licences-microsoft-dynamics-365-business-central\/"},"wordCount":409,"publisher":{"@id":"https:\/\/sonical.co\/#organization"},"image":{"@id":"https:\/\/sonical.co\/fr\/uncategorized-fr-2\/augmentation-du-prix-des-licences-microsoft-dynamics-365-business-central\/#primaryimage"},"thumbnailUrl":"https:\/\/i0.wp.com\/sonical.co\/wp-content\/uploads\/2025\/09\/MS_Dynamics_365_Business_Central.png?fit=1372%2C718&quality=80&ssl=1","articleSection":["Microsoft Dynamics Business Central"],"inLanguage":"fr-FR"},{"@type":"WebPage","@id":"https:\/\/sonical.co\/fr\/uncategorized-fr-2\/augmentation-du-prix-des-licences-microsoft-dynamics-365-business-central\/","url":"https:\/\/sonical.co\/fr\/uncategorized-fr-2\/augmentation-du-prix-des-licences-microsoft-dynamics-365-business-central\/","name":"Augmentation du prix des licences Microsoft Dynamics 365 Business Central - Sonical","isPartOf":{"@id":"https:\/\/sonical.co\/#website"},"primaryImageOfPage":{"@id":"https:\/\/sonical.co\/fr\/uncategorized-fr-2\/augmentation-du-prix-des-licences-microsoft-dynamics-365-business-central\/#primaryimage"},"image":{"@id":"https:\/\/sonical.co\/fr\/uncategorized-fr-2\/augmentation-du-prix-des-licences-microsoft-dynamics-365-business-central\/#primaryimage"},"thumbnailUrl":"https:\/\/i0.wp.com\/sonical.co\/wp-content\/uploads\/2025\/09\/MS_Dynamics_365_Business_Central.png?fit=1372%2C718&quality=80&ssl=1","datePublished":"2025-09-09T09:10:17+00:00","dateModified":"2025-09-10T12:32:27+00:00","breadcrumb":{"@id":"https:\/\/sonical.co\/fr\/uncategorized-fr-2\/augmentation-du-prix-des-licences-microsoft-dynamics-365-business-central\/#breadcrumb"},"inLanguage":"fr-FR","potentialAction":[{"@type":"ReadAction","target":["https:\/\/sonical.co\/fr\/uncategorized-fr-2\/augmentation-du-prix-des-licences-microsoft-dynamics-365-business-central\/"]}]},{"@type":"ImageObject","inLanguage":"fr-FR","@id":"https:\/\/sonical.co\/fr\/uncategorized-fr-2\/augmentation-du-prix-des-licences-microsoft-dynamics-365-business-central\/#primaryimage","url":"https:\/\/i0.wp.com\/sonical.co\/wp-content\/uploads\/2025\/09\/MS_Dynamics_365_Business_Central.png?fit=1372%2C718&quality=80&ssl=1","contentUrl":"https:\/\/i0.wp.com\/sonical.co\/wp-content\/uploads\/2025\/09\/MS_Dynamics_365_Business_Central.png?fit=1372%2C718&quality=80&ssl=1","width":1372,"height":718},{"@type":"BreadcrumbList","@id":"https:\/\/sonical.co\/fr\/uncategorized-fr-2\/augmentation-du-prix-des-licences-microsoft-dynamics-365-business-central\/#breadcrumb","itemListElement":[{"@type":"ListItem","position":1,"name":"Home","item":"https:\/\/sonical.co\/fr\/"},{"@type":"ListItem","position":2,"name":"Augmentation du prix des licences Microsoft Dynamics 365 Business Central"}]},{"@type":"WebSite","@id":"https:\/\/sonical.co\/#website","url":"https:\/\/sonical.co\/","name":"Sonical","description":"Digital Experts United","publisher":{"@id":"https:\/\/sonical.co\/#organization"},"potentialAction":[{"@type":"SearchAction","target":{"@type":"EntryPoint","urlTemplate":"https:\/\/sonical.co\/?s={search_term_string}"},"query-input":{"@type":"PropertyValueSpecification","valueRequired":true,"valueName":"search_term_string"}}],"inLanguage":"fr-FR"},{"@type":"Organization","@id":"https:\/\/sonical.co\/#organization","name":"Sonical","url":"https:\/\/sonical.co\/","logo":{"@type":"ImageObject","inLanguage":"fr-FR","@id":"https:\/\/sonical.co\/#\/schema\/logo\/image\/","url":"https:\/\/i0.wp.com\/sonical.co\/wp-content\/uploads\/2021\/11\/sonical-logo-png-MAIN-COMPACT-RGB-162x39-1.png?fit=162%2C39&quality=80&ssl=1","contentUrl":"https:\/\/i0.wp.com\/sonical.co\/wp-content\/uploads\/2021\/11\/sonical-logo-png-MAIN-COMPACT-RGB-162x39-1.png?fit=162%2C39&quality=80&ssl=1","width":162,"height":39,"caption":"Sonical"},"image":{"@id":"https:\/\/sonical.co\/#\/schema\/logo\/image\/"}},{"@type":"Person","@id":"https:\/\/sonical.co\/#\/schema\/person\/97cc9dabcc3e9c22a0a6974f318adfef","name":"flo","url":"https:\/\/sonical.co\/fr\/author\/flo\/"}]}},"jetpack_featured_media_url":"https:\/\/i0.wp.com\/sonical.co\/wp-content\/uploads\/2025\/09\/MS_Dynamics_365_Business_Central.png?fit=1372%2C718&quality=80&ssl=1","jetpack_sharing_enabled":true,"_links":{"self":[{"href":"https:\/\/sonical.co\/fr\/wp-json\/wp\/v2\/posts\/30093","targetHints":{"allow":["GET"]}}],"collection":[{"href":"https:\/\/sonical.co\/fr\/wp-json\/wp\/v2\/posts"}],"about":[{"href":"https:\/\/sonical.co\/fr\/wp-json\/wp\/v2\/types\/post"}],"author":[{"embeddable":true,"href":"https:\/\/sonical.co\/fr\/wp-json\/wp\/v2\/users\/25"}],"replies":[{"embeddable":true,"href":"https:\/\/sonical.co\/fr\/wp-json\/wp\/v2\/comments?post=30093"}],"version-history":[{"count":7,"href":"https:\/\/sonical.co\/fr\/wp-json\/wp\/v2\/posts\/30093\/revisions"}],"predecessor-version":[{"id":30113,"href":"https:\/\/sonical.co\/fr\/wp-json\/wp\/v2\/posts\/30093\/revisions\/30113"}],"wp:featuredmedia":[{"embeddable":true,"href":"https:\/\/sonical.co\/fr\/wp-json\/wp\/v2\/media\/30033"}],"wp:attachment":[{"href":"https:\/\/sonical.co\/fr\/wp-json\/wp\/v2\/media?parent=30093"}],"wp:term":[{"taxonomy":"category","embeddable":true,"href":"https:\/\/sonical.co\/fr\/wp-json\/wp\/v2\/categories?post=30093"},{"taxonomy":"post_tag","embeddable":true,"href":"https:\/\/sonical.co\/fr\/wp-json\/wp\/v2\/tags?post=30093"},{"taxonomy":"sector","embeddable":true,"href":"https:\/\/sonical.co\/fr\/wp-json\/wp\/v2\/sector?post=30093"}],"curies":[{"name":"wp","href":"https:\/\/api.w.org\/{rel}","templated":true}]}}